{"id":2256,"date":"2017-12-05T11:49:48","date_gmt":"2017-12-05T10:49:48","guid":{"rendered":"http:\/\/www.progepi.fr\/?p=2256"},"modified":"2017-12-05T11:49:48","modified_gmt":"2017-12-05T10:49:48","slug":"5-decembre-journee-mondiale-sols","status":"publish","type":"post","link":"https:\/\/www.progepi.fr\/en\/2017\/12\/05\/5-decembre-journee-mondiale-sols\/","title":{"rendered":"(Fran\u00e7ais) 5 d\u00e9cembre : journ\u00e9e mondiale des sols"},"content":{"rendered":"<p class=\"qtranxs-available-languages-message qtranxs-available-languages-message-en\">Sorry, this entry is only available in <a href=\"https:\/\/www.progepi.fr\/fr\/wp-json\/wp\/v2\/posts\/2256\" class=\"qtranxs-available-language-link qtranxs-available-language-link-fr\" title=\"Fran\u00e7ais\">French<\/a>.<\/p>","protected":false},"excerpt":{"rendered":"<p>Sorry, this entry is only available in French.<\/p>\n","protected":false},"author":3,"featured_media":0,"comment_status":"closed","ping_status":"closed","sticky":false,"template":"","format":"standard","meta":[],"categories":[2],"tags":[],"_links":{"self":[{"href":"https:\/\/www.progepi.fr\/en\/wp-json\/wp\/v2\/posts\/2256"}],"collection":[{"href":"https:\/\/www.progepi.fr\/en\/wp-json\/wp\/v2\/posts"}],"about":[{"href":"https:\/\/www.progepi.fr\/en\/wp-json\/wp\/v2\/types\/post"}],"author":[{"embeddable":true,"href":"https:\/\/www.progepi.fr\/en\/wp-json\/wp\/v2\/users\/3"}],"replies":[{"embeddable":true,"href":"https:\/\/www.progepi.fr\/en\/wp-json\/wp\/v2\/comments?post=2256"}],"version-history":[{"count":2,"href":"https:\/\/www.progepi.fr\/en\/wp-json\/wp\/v2\/posts\/2256\/revisions"}],"predecessor-version":[{"id":2259,"href":"https:\/\/www.progepi.fr\/en\/wp-json\/wp\/v2\/posts\/2256\/revisions\/2259"}],"wp:attachment":[{"href":"https:\/\/www.progepi.fr\/en\/wp-json\/wp\/v2\/media?parent=2256"}],"wp:term":[{"taxonomy":"category","embeddable":true,"href":"https:\/\/www.progepi.fr\/en\/wp-json\/wp\/v2\/categories?post=2256"},{"taxonomy":"post_tag","embeddable":true,"href":"https:\/\/www.progepi.fr\/en\/wp-json\/wp\/v2\/tags?post=2256"}],"curies":[{"name":"wp","href":"https:\/\/api.w.org\/{rel}","templated":true}]}}